{"id":58201,"date":"2021-12-24T22:05:32","date_gmt":"2021-12-24T21:05:32","guid":{"rendered":"https:\/\/www.stucco-naturale.com\/stiuk-wenecki-w-lazience-i-strefie-mokrej\/"},"modified":"2026-03-27T17:45:43","modified_gmt":"2026-03-27T16:45:43","slug":"stiuk-wenecki-w-lazience-i-strefie-mokrej","status":"publish","type":"post","link":"https:\/\/www.stucco-naturale.com\/pl\/stiuk-wenecki-w-lazience-i-strefie-mokrej\/","title":{"rendered":"Stiuk wenecki w \u0142azience i strefie mokrej"},"content":{"rendered":"\n<div class=\"et_pb_section_0 et_pb_section et_section_regular et_block_section\"><div class=\"et_pb_row_0 et_pb_row et_block_row\"><div class=\"et_pb_column_0 et_pb_column et_pb_column_4_4 et-last-child et_block_column et_pb_css_mix_blend_mode_passthrough\"><div class=\"et_pb_text_0 et_pb_text et_pb_bg_layout_light et_pb_module et_block_module\"><div class=\"et_pb_text_inner\"><p><strong>\u0141azienka to miejsce czysto\u015bci i \u015bwie\u017co\u015bci. Dzi\u0119ki naturalnemu Stiuk Wenecki maj\u0105 Pa\u0144stwo w \u0142azience powierzchni\u0119 odporn\u0105 na ple\u015b\u0144 i hydrofobow\u0105.<\/strong><\/p>\n<h2>Stiuk wenecki i Marmorino w \u0142azience<\/h2>\n<p>W nowoczesnych \u0142azienkach bardzo po\u017c\u0105dane s\u0105 bezspoinowe powierzchnie. Dzi\u0119ki Stiuk Veneziano mog\u0105 Pa\u0144stwo uzyska\u0107 g\u0142adkie \u015bciany i sufity wypolerowane na wysoki po\u0142ysk. Typowy po\u0142ysk Stiuk Veneziano zawdzi\u0119cza t\u0142oczeniu kryszta\u0142\u00f3w wapna. Te marmurkowe powierzchnie s\u0105 p\u00f3\u0142przezroczyste, \u015bwiat\u0142o uderza w pierwsz\u0105 warstw\u0119 i powstaje opalizuj\u0105ca gra kolor\u00f3w. Bardzo szlachetny i pi\u0119kny wygl\u0105d. Ze wzgl\u0119du na alkaliczno\u015b\u0107 wapna, nie ma problem\u00f3w z rozwojem ple\u015bni.<\/p>\n<p>Czyszczenie musi odbywa\u0107 si\u0119 inaczej ni\u017c w przypadku p\u0142ytek, poniewa\u017c wapno jest wra\u017cliwe na kwa\u015bne \u015brodki czyszcz\u0105ce i nie wolno u\u017cywa\u0107 pad\u00f3w do szorowania. Prosz\u0119 przeciera\u0107 wilgotn\u0105 szmatk\u0105. W przypadku grubszych plam, prosz\u0119 czy\u015bci\u0107 roztworem myd\u0142a. <a href=\"https:\/\/www.stucco-naturale.com\/pl\/produkt\/mydlo-weneckie\/\" target=\"_self\" rel=\"noopener noreferrer\">Kliknij tutaj<\/a>, aby przej\u015b\u0107 do myd\u0142a weneckiego.<\/p>\n<\/div><\/div><div class=\"et_pb_module et_pb_button_module_wrapper et_pb_button_0_wrapper\"><a class=\"et_pb_button_0 et_pb_button et_pb_bg_layout_light et_pb_module et_block_module\" href=\"https:\/\/www.stucco-naturale.com\/pl\/produkt\/stiuk-wenecki\/\">Prosz\u0119 klikn\u0105\u0107 tutaj na stiuk do \u0142azienki<\/a><\/div><\/div><\/div><div class=\"et_pb_row_1 et_pb_row et_block_row\"><div class=\"et_pb_column_1 et_pb_column et_pb_column_4_4 et-last-child et_block_column et_pb_css_mix_blend_mode_passthrough\"><div class=\"et_pb_text_1 et_pb_text et_pb_bg_layout_light et_pb_module et_block_module\"><div class=\"et_pb_text_inner\"><h2>Tadelakt to technika tynkowania pod prysznicem<\/h2>\n<\/div><\/div><\/div><\/div><div class=\"et_pb_row_2 et_pb_row et_block_row\"><div class=\"et_pb_column_2 et_pb_column et_pb_column_1_2 et_block_column et_pb_css_mix_blend_mode_passthrough\"><div class=\"et_pb_image_0 et_pb_image et_pb_module et_block_module\"><span class=\"et_pb_image_wrap\"><img decoding=\"async\" src=\"https:\/\/www.stucco-naturale.com\/wp-content\/uploads\/Tadelakt-Dusche-mit-Nische.jpg\" width=\"800\" height=\"1000\" srcset=\"https:\/\/www.stucco-naturale.com\/wp-content\/uploads\/Tadelakt-Dusche-mit-Nische.jpg 800w, https:\/\/www.stucco-naturale.com\/wp-content\/uploads\/Tadelakt-Dusche-mit-Nische-480x600.jpg 480w\" sizes=\"(min-width: 0px) and (max-width: 480px) 480px, (min-width: 481px) 800px, 100vw\" class=\"wp-image-41465\" title=\"Prysznic Tadelakt z wn\u0119k\u0105\" alt=\"Kolor be\u017cowy Tadelakt\" \/><\/span><\/div><div class=\"et_pb_module et_pb_button_module_wrapper et_pb_button_1_wrapper\"><a class=\"et_pb_button_1 et_pb_button et_pb_bg_layout_light et_pb_module et_block_module\" href=\"https:\/\/www.stucco-naturale.com\/pl\/produkt\/tadelakt\/\">Prosz\u0119 klikn\u0105\u0107 tutaj dla Tadelakt dla prysznica<\/a><\/div><\/div><div class=\"et_pb_column_3 et_pb_column et_pb_column_1_2 et-last-child et_block_column et_pb_css_mix_blend_mode_passthrough\"><div class=\"et_pb_text_2 et_pb_text et_pb_bg_layout_light et_pb_module et_block_module\"><div class=\"et_pb_text_inner\"><p>Opr\u00f3cz <a href=\"https:\/\/www.stucco-naturale.com\/pl\/produkt\/stiuk-wenecki\/\">Stucco Veneziano<\/a> mo\u017cna stosowa\u0107 tak\u017ce inne <a href=\"https:\/\/www.stucco-naturale.com\/pl\/kategoria-produktu\/tynk-marmurowy\/\">tynki marmurowe<\/a>. Pod prysznicem, w kabinach prysznicowych lub natryskach \u015blimakowych mo\u017cna zastosowa\u0107 <a href=\"https:\/\/www.stucco-naturale.com\/pl\/produkt\/tadelakt\/\">Tadelakt<\/a>. Pod\u0142oga i \u015bciany powinny by\u0107 wcze\u015bniej zaimpregnowane, podobnie jak w przypadku ok\u0142adzin ceramicznych. Dost\u0119pnych jest wiele odpowiednich produkt\u00f3w do tego celu, kt\u00f3re mo\u017cesz r\u00f3wnie\u017c uzyska\u0107 od nas. <a href=\"https:\/\/www.stucco-naturale.com\/pl\/kategoria-produktu\/hydroizolacja-kompozytowa\/\">Tutaj<\/a> znajdziesz materia\u0142y uszczelniaj\u0105ce.<\/p>\n<p>Inn\u0105 opcj\u0105 dla prysznica jest impregnacja Stucco Veneziano za pomoc\u0105 <a href=\"https:\/\/www.stucco-naturale.com\/pl\/produkt\/hydrophob-extra\/\">Hydrophob-Extra<\/a>, aby \u015bciany by\u0142y wodoodporne. Na pod\u0142og\u0119 zaleca si\u0119 zastosowanie nowoczesnego brodzika, p\u0142ytek lub kamienia naturalnego. Pod\u0142og\u0119 poza prysznicem mo\u017cna wyr\u00f3wna\u0107 za pomoc\u0105 <a href=\"https:\/\/www.stucco-naturale.com\/pl\/produkt\/stiuk-extra\/\">Stucco Extra<\/a> i zaimpregnowa\u0107 olejem do kamienia.<\/p>\n<p><a href=\"https:\/\/www.stucco-naturale.com\/pl\/produkt\/stiuk-wenecki\/\">Stucco Veneziano<\/a> jest impregnowane <a href=\"https:\/\/www.stucco-naturale.com\/pl\/kategoria-produktu\/mydlo-i-wosk\/\">myd\u0142em lub woskiem<\/a> do u\u017cytku w \u0142azience. Hydrofobowe w\u0142a\u015bciwo\u015bci myd\u0142a wapiennego, kt\u00f3re powstaje w wyniku reakcji myd\u0142a i wapna, powoduj\u0105 skraplanie si\u0119 wody i zmniejszaj\u0105 jej wch\u0142anianie. Wosk jest niepolarny i r\u00f3wnie\u017c jest hydrofobowy. Wosk mo\u017ce by\u0107 stosowany jako dodatek do zmydlania. Pory kamienia s\u0105 wype\u0142nione, a powierzchnie maj\u0105 optymaln\u0105 ochron\u0119 przed par\u0105 wodn\u0105 w \u0142azience. Niemniej jednak korzystne jest osuszenie prysznica chusteczk\u0105 po u\u017cyciu, aby unikn\u0105\u0107 plam wapiennych z twardej wody.<\/p>\n<p>Tadelakt jest r\u00f3wnie\u017c tynkiem mineralnym, ale w przeciwie\u0144stwie do Stucco Veneziano wi\u0105\u017ce hydraulicznie, tj. w po\u0142\u0105czeniu z wod\u0105. Wapno powietrzne w stiuku potrzebuje dwutlenku w\u0119gla z otaczaj\u0105cego powietrza do zwi\u0105zania. Tadelakt uzyskuje swoje w\u0142a\u015bciwo\u015bci hydrofobowe dzi\u0119ki myd\u0142u i emulsji woskowej.&lt;\/p<\/p>\n<p>Je\u015bli masz dodatkowe pytania, skontaktuj si\u0119 ze mn\u0105.<\/p>\n<p><a href=\"https:\/\/www.stucco-naturale.com\/pl\/kontakt\/\" target=\"_self\" rel=\"noopener noreferrer\">Kliknij tutaj, aby przej\u015b\u0107 do formularza kontaktowego<\/a><\/p>\n<p>Mo\u017cesz r\u00f3wnie\u017c skontaktowa\u0107 si\u0119 ze mn\u0105 telefonicznie pod numerem<a href=\"tel:+43 6606413331\"> +43 660\/6413331.<\/a><\/p>\n<\/div><\/div><\/div><\/div><\/div>\n<span class=\"et_bloom_bottom_trigger\"><\/span>","protected":false},"excerpt":{"rendered":"","protected":false},"author":1363,"featured_media":56235,"comment_status":"open","ping_status":"open","sticky":false,"template":"","format":"standard","meta":{"footnotes":""},"categories":[518,517],"tags":[],"class_list":["post-58201","post","type-post","status-publish","format-standard","has-post-thumbnail","hentry","category-lazienka","category-stiuk-wenecki"],"yoast_head":"<!-- This site is optimized with the Yoast SEO Premium plugin v27.4 (Yoast SEO v27.4) - https:\/\/yoast.com\/product\/yoast-seo-premium-wordpress\/ -->\n<title>Stiuk wenecki w \u0142azience i strefie mokrej - Stucco naturale<\/title>\n<meta name=\"description\" content=\"\u0141azienka to miejsce czysto\u015bci. Dzi\u0119ki naturalnemu Stiuk wenecki i Tadelaktowi uzyskuj\u0105 Pa\u0144stwo powierzchni\u0119 odporn\u0105 na ple\u015b\u0144.\" \/>\n<meta name=\"robots\" content=\"index, follow, max-snippet:-1, max-image-preview:large, max-video-preview:-1\" \/>\n<link rel=\"canonical\" href=\"https:\/\/www.stucco-naturale.com\/pl\/stiuk-wenecki-w-lazience-i-strefie-mokrej\/\" \/>\n<meta property=\"og:locale\" content=\"pl_PL\" \/>\n<meta property=\"og:type\" content=\"article\" \/>\n<meta property=\"og:title\" content=\"Stiuk wenecki w \u0142azience i strefie mokrej\" \/>\n<meta property=\"og:description\" content=\"\u0141azienka to miejsce czysto\u015bci. Dzi\u0119ki naturalnemu Stiuk wenecki i Tadelaktowi uzyskuj\u0105 Pa\u0144stwo powierzchni\u0119 odporn\u0105 na ple\u015b\u0144.\" \/>\n<meta property=\"og:url\" content=\"https:\/\/www.stucco-naturale.com\/pl\/stiuk-wenecki-w-lazience-i-strefie-mokrej\/\" \/>\n<meta property=\"og:site_name\" content=\"Stucco naturale\" \/>\n<meta property=\"article:publisher\" content=\"https:\/\/www.facebook.com\/natuerlicher.kalkputz\/\" \/>\n<meta property=\"article:author\" content=\"https:\/\/www.facebook.com\/natuerlicher.kalkputz\/\" \/>\n<meta property=\"article:published_time\" content=\"2021-12-24T21:05:32+00:00\" \/>\n<meta property=\"article:modified_time\" content=\"2026-03-27T16:45:43+00:00\" \/>\n<meta property=\"og:image\" content=\"https:\/\/www.stucco-naturale.com\/wp-content\/uploads\/Fugenloses-Bad-mit-Stucco-und-Tadelakt.jpg\" \/>\n\t<meta property=\"og:image:width\" content=\"907\" \/>\n\t<meta property=\"og:image:height\" content=\"456\" \/>\n\t<meta property=\"og:image:type\" content=\"image\/jpeg\" \/>\n<meta name=\"author\" content=\"Stefan Fischer\" \/>\n<meta name=\"twitter:card\" content=\"summary_large_image\" \/>\n<meta name=\"twitter:creator\" content=\"@BeTtY wAlchER 2017\" \/>\n<meta name=\"twitter:site\" content=\"@StuccoNaturale\" \/>\n<meta name=\"twitter:label1\" content=\"Napisane przez\" \/>\n\t<meta name=\"twitter:data1\" content=\"Stefan Fischer\" \/>\n<script type=\"application\/ld+json\" class=\"yoast-schema-graph\">{\"@context\":\"https:\\\/\\\/schema.org\",\"@graph\":[{\"@type\":\"Article\",\"@id\":\"https:\\\/\\\/www.stucco-naturale.com\\\/pl\\\/stiuk-wenecki-w-lazience-i-strefie-mokrej\\\/#article\",\"isPartOf\":{\"@id\":\"https:\\\/\\\/www.stucco-naturale.com\\\/pl\\\/stiuk-wenecki-w-lazience-i-strefie-mokrej\\\/\"},\"author\":{\"name\":\"Stefan Fischer\",\"@id\":\"https:\\\/\\\/www.stucco-naturale.com\\\/pl\\\/#\\\/schema\\\/person\\\/12c1071d36776488882663b9dae4ef29\"},\"headline\":\"Stiuk wenecki w \u0142azience i strefie mokrej\",\"datePublished\":\"2021-12-24T21:05:32+00:00\",\"dateModified\":\"2026-03-27T16:45:43+00:00\",\"mainEntityOfPage\":{\"@id\":\"https:\\\/\\\/www.stucco-naturale.com\\\/pl\\\/stiuk-wenecki-w-lazience-i-strefie-mokrej\\\/\"},\"wordCount\":7,\"commentCount\":0,\"publisher\":{\"@id\":\"https:\\\/\\\/www.stucco-naturale.com\\\/pl\\\/#organization\"},\"image\":{\"@id\":\"https:\\\/\\\/www.stucco-naturale.com\\\/pl\\\/stiuk-wenecki-w-lazience-i-strefie-mokrej\\\/#primaryimage\"},\"thumbnailUrl\":\"https:\\\/\\\/www.stucco-naturale.com\\\/wp-content\\\/uploads\\\/Fugenloses-Bad-mit-Stucco-und-Tadelakt.jpg\",\"articleSection\":[\"\u0141azienka\",\"Stiuk Wenecki\"],\"inLanguage\":\"pl-PL\",\"potentialAction\":[{\"@type\":\"CommentAction\",\"name\":\"Comment\",\"target\":[\"https:\\\/\\\/www.stucco-naturale.com\\\/pl\\\/stiuk-wenecki-w-lazience-i-strefie-mokrej\\\/#respond\"]}]},{\"@type\":\"WebPage\",\"@id\":\"https:\\\/\\\/www.stucco-naturale.com\\\/pl\\\/stiuk-wenecki-w-lazience-i-strefie-mokrej\\\/\",\"url\":\"https:\\\/\\\/www.stucco-naturale.com\\\/pl\\\/stiuk-wenecki-w-lazience-i-strefie-mokrej\\\/\",\"name\":\"Stiuk wenecki w \u0142azience i strefie mokrej - Stucco naturale\",\"isPartOf\":{\"@id\":\"https:\\\/\\\/www.stucco-naturale.com\\\/pl\\\/#website\"},\"primaryImageOfPage\":{\"@id\":\"https:\\\/\\\/www.stucco-naturale.com\\\/pl\\\/stiuk-wenecki-w-lazience-i-strefie-mokrej\\\/#primaryimage\"},\"image\":{\"@id\":\"https:\\\/\\\/www.stucco-naturale.com\\\/pl\\\/stiuk-wenecki-w-lazience-i-strefie-mokrej\\\/#primaryimage\"},\"thumbnailUrl\":\"https:\\\/\\\/www.stucco-naturale.com\\\/wp-content\\\/uploads\\\/Fugenloses-Bad-mit-Stucco-und-Tadelakt.jpg\",\"datePublished\":\"2021-12-24T21:05:32+00:00\",\"dateModified\":\"2026-03-27T16:45:43+00:00\",\"description\":\"\u0141azienka to miejsce czysto\u015bci. Dzi\u0119ki naturalnemu Stiuk wenecki i Tadelaktowi uzyskuj\u0105 Pa\u0144stwo powierzchni\u0119 odporn\u0105 na ple\u015b\u0144.\",\"breadcrumb\":{\"@id\":\"https:\\\/\\\/www.stucco-naturale.com\\\/pl\\\/stiuk-wenecki-w-lazience-i-strefie-mokrej\\\/#breadcrumb\"},\"inLanguage\":\"pl-PL\",\"potentialAction\":[{\"@type\":\"ReadAction\",\"target\":[\"https:\\\/\\\/www.stucco-naturale.com\\\/pl\\\/stiuk-wenecki-w-lazience-i-strefie-mokrej\\\/\"]}]},{\"@type\":\"ImageObject\",\"inLanguage\":\"pl-PL\",\"@id\":\"https:\\\/\\\/www.stucco-naturale.com\\\/pl\\\/stiuk-wenecki-w-lazience-i-strefie-mokrej\\\/#primaryimage\",\"url\":\"https:\\\/\\\/www.stucco-naturale.com\\\/wp-content\\\/uploads\\\/Fugenloses-Bad-mit-Stucco-und-Tadelakt.jpg\",\"contentUrl\":\"https:\\\/\\\/www.stucco-naturale.com\\\/wp-content\\\/uploads\\\/Fugenloses-Bad-mit-Stucco-und-Tadelakt.jpg\",\"width\":907,\"height\":456,\"caption\":\"Fugenloses-Bad-mit-Stucco-und-Tadelakt\"},{\"@type\":\"BreadcrumbList\",\"@id\":\"https:\\\/\\\/www.stucco-naturale.com\\\/pl\\\/stiuk-wenecki-w-lazience-i-strefie-mokrej\\\/#breadcrumb\",\"itemListElement\":[{\"@type\":\"ListItem\",\"position\":1,\"name\":\"Page d'accueil\",\"item\":\"https:\\\/\\\/www.stucco-naturale.com\\\/pl\\\/\"},{\"@type\":\"ListItem\",\"position\":2,\"name\":\"Stiuk wenecki w \u0142azience i strefie mokrej\"}]},{\"@type\":\"WebSite\",\"@id\":\"https:\\\/\\\/www.stucco-naturale.com\\\/pl\\\/#website\",\"url\":\"https:\\\/\\\/www.stucco-naturale.com\\\/pl\\\/\",\"name\":\"Stucco naturale\",\"description\":\"Sklep dla Stucco Veneziano, Marmorino i akcesoria\",\"publisher\":{\"@id\":\"https:\\\/\\\/www.stucco-naturale.com\\\/pl\\\/#organization\"},\"potentialAction\":[{\"@type\":\"SearchAction\",\"target\":{\"@type\":\"EntryPoint\",\"urlTemplate\":\"https:\\\/\\\/www.stucco-naturale.com\\\/pl\\\/?s={search_term_string}\"},\"query-input\":{\"@type\":\"PropertyValueSpecification\",\"valueRequired\":true,\"valueName\":\"search_term_string\"}}],\"inLanguage\":\"pl-PL\"},{\"@type\":\"Organization\",\"@id\":\"https:\\\/\\\/www.stucco-naturale.com\\\/pl\\\/#organization\",\"name\":\"Stucco naturale\",\"url\":\"https:\\\/\\\/www.stucco-naturale.com\\\/pl\\\/\",\"logo\":{\"@type\":\"ImageObject\",\"inLanguage\":\"pl-PL\",\"@id\":\"https:\\\/\\\/www.stucco-naturale.com\\\/pl\\\/#\\\/schema\\\/logo\\\/image\\\/\",\"url\":\"https:\\\/\\\/www.stucco-naturale.com\\\/wp-content\\\/uploads\\\/logo_stucco-naturale.jpg\",\"contentUrl\":\"https:\\\/\\\/www.stucco-naturale.com\\\/wp-content\\\/uploads\\\/logo_stucco-naturale.jpg\",\"width\":400,\"height\":600,\"caption\":\"Stucco naturale\"},\"image\":{\"@id\":\"https:\\\/\\\/www.stucco-naturale.com\\\/pl\\\/#\\\/schema\\\/logo\\\/image\\\/\"},\"sameAs\":[\"https:\\\/\\\/www.facebook.com\\\/natuerlicher.kalkputz\\\/\",\"https:\\\/\\\/x.com\\\/StuccoNaturale\",\"https:\\\/\\\/www.instagram.com\\\/stucco_naturale\\\/?hl=de\"],\"vatID\":\"ATU78081825\"},{\"@type\":\"Person\",\"@id\":\"https:\\\/\\\/www.stucco-naturale.com\\\/pl\\\/#\\\/schema\\\/person\\\/12c1071d36776488882663b9dae4ef29\",\"name\":\"Stefan Fischer\",\"sameAs\":[\"https:\\\/\\\/www.stucco-naturale.com\\\/\",\"https:\\\/\\\/www.facebook.com\\\/natuerlicher.kalkputz\\\/\",\"https:\\\/\\\/x.com\\\/BeTtY wAlchER 2017\"],\"url\":\"https:\\\/\\\/www.stucco-naturale.com\\\/pl\\\/author\\\/siniscola-capo-comino-2016\\\/\"}]}<\/script>\n<!-- \/ Yoast SEO Premium plugin. -->","yoast_head_json":{"title":"Stiuk wenecki w \u0142azience i strefie mokrej - Stucco naturale","description":"\u0141azienka to miejsce czysto\u015bci. Dzi\u0119ki naturalnemu Stiuk wenecki i Tadelaktowi uzyskuj\u0105 Pa\u0144stwo powierzchni\u0119 odporn\u0105 na ple\u015b\u0144.","robots":{"index":"index","follow":"follow","max-snippet":"max-snippet:-1","max-image-preview":"max-image-preview:large","max-video-preview":"max-video-preview:-1"},"canonical":"https:\/\/www.stucco-naturale.com\/pl\/stiuk-wenecki-w-lazience-i-strefie-mokrej\/","og_locale":"pl_PL","og_type":"article","og_title":"Stiuk wenecki w \u0142azience i strefie mokrej","og_description":"\u0141azienka to miejsce czysto\u015bci. Dzi\u0119ki naturalnemu Stiuk wenecki i Tadelaktowi uzyskuj\u0105 Pa\u0144stwo powierzchni\u0119 odporn\u0105 na ple\u015b\u0144.","og_url":"https:\/\/www.stucco-naturale.com\/pl\/stiuk-wenecki-w-lazience-i-strefie-mokrej\/","og_site_name":"Stucco naturale","article_publisher":"https:\/\/www.facebook.com\/natuerlicher.kalkputz\/","article_author":"https:\/\/www.facebook.com\/natuerlicher.kalkputz\/","article_published_time":"2021-12-24T21:05:32+00:00","article_modified_time":"2026-03-27T16:45:43+00:00","og_image":[{"width":907,"height":456,"url":"https:\/\/www.stucco-naturale.com\/wp-content\/uploads\/Fugenloses-Bad-mit-Stucco-und-Tadelakt.jpg","type":"image\/jpeg"}],"author":"Stefan Fischer","twitter_card":"summary_large_image","twitter_creator":"@BeTtY wAlchER 2017","twitter_site":"@StuccoNaturale","twitter_misc":{"Napisane przez":"Stefan Fischer"},"schema":{"@context":"https:\/\/schema.org","@graph":[{"@type":"Article","@id":"https:\/\/www.stucco-naturale.com\/pl\/stiuk-wenecki-w-lazience-i-strefie-mokrej\/#article","isPartOf":{"@id":"https:\/\/www.stucco-naturale.com\/pl\/stiuk-wenecki-w-lazience-i-strefie-mokrej\/"},"author":{"name":"Stefan Fischer","@id":"https:\/\/www.stucco-naturale.com\/pl\/#\/schema\/person\/12c1071d36776488882663b9dae4ef29"},"headline":"Stiuk wenecki w \u0142azience i strefie mokrej","datePublished":"2021-12-24T21:05:32+00:00","dateModified":"2026-03-27T16:45:43+00:00","mainEntityOfPage":{"@id":"https:\/\/www.stucco-naturale.com\/pl\/stiuk-wenecki-w-lazience-i-strefie-mokrej\/"},"wordCount":7,"commentCount":0,"publisher":{"@id":"https:\/\/www.stucco-naturale.com\/pl\/#organization"},"image":{"@id":"https:\/\/www.stucco-naturale.com\/pl\/stiuk-wenecki-w-lazience-i-strefie-mokrej\/#primaryimage"},"thumbnailUrl":"https:\/\/www.stucco-naturale.com\/wp-content\/uploads\/Fugenloses-Bad-mit-Stucco-und-Tadelakt.jpg","articleSection":["\u0141azienka","Stiuk Wenecki"],"inLanguage":"pl-PL","potentialAction":[{"@type":"CommentAction","name":"Comment","target":["https:\/\/www.stucco-naturale.com\/pl\/stiuk-wenecki-w-lazience-i-strefie-mokrej\/#respond"]}]},{"@type":"WebPage","@id":"https:\/\/www.stucco-naturale.com\/pl\/stiuk-wenecki-w-lazience-i-strefie-mokrej\/","url":"https:\/\/www.stucco-naturale.com\/pl\/stiuk-wenecki-w-lazience-i-strefie-mokrej\/","name":"Stiuk wenecki w \u0142azience i strefie mokrej - Stucco naturale","isPartOf":{"@id":"https:\/\/www.stucco-naturale.com\/pl\/#website"},"primaryImageOfPage":{"@id":"https:\/\/www.stucco-naturale.com\/pl\/stiuk-wenecki-w-lazience-i-strefie-mokrej\/#primaryimage"},"image":{"@id":"https:\/\/www.stucco-naturale.com\/pl\/stiuk-wenecki-w-lazience-i-strefie-mokrej\/#primaryimage"},"thumbnailUrl":"https:\/\/www.stucco-naturale.com\/wp-content\/uploads\/Fugenloses-Bad-mit-Stucco-und-Tadelakt.jpg","datePublished":"2021-12-24T21:05:32+00:00","dateModified":"2026-03-27T16:45:43+00:00","description":"\u0141azienka to miejsce czysto\u015bci. Dzi\u0119ki naturalnemu Stiuk wenecki i Tadelaktowi uzyskuj\u0105 Pa\u0144stwo powierzchni\u0119 odporn\u0105 na ple\u015b\u0144.","breadcrumb":{"@id":"https:\/\/www.stucco-naturale.com\/pl\/stiuk-wenecki-w-lazience-i-strefie-mokrej\/#breadcrumb"},"inLanguage":"pl-PL","potentialAction":[{"@type":"ReadAction","target":["https:\/\/www.stucco-naturale.com\/pl\/stiuk-wenecki-w-lazience-i-strefie-mokrej\/"]}]},{"@type":"ImageObject","inLanguage":"pl-PL","@id":"https:\/\/www.stucco-naturale.com\/pl\/stiuk-wenecki-w-lazience-i-strefie-mokrej\/#primaryimage","url":"https:\/\/www.stucco-naturale.com\/wp-content\/uploads\/Fugenloses-Bad-mit-Stucco-und-Tadelakt.jpg","contentUrl":"https:\/\/www.stucco-naturale.com\/wp-content\/uploads\/Fugenloses-Bad-mit-Stucco-und-Tadelakt.jpg","width":907,"height":456,"caption":"Fugenloses-Bad-mit-Stucco-und-Tadelakt"},{"@type":"BreadcrumbList","@id":"https:\/\/www.stucco-naturale.com\/pl\/stiuk-wenecki-w-lazience-i-strefie-mokrej\/#breadcrumb","itemListElement":[{"@type":"ListItem","position":1,"name":"Page d'accueil","item":"https:\/\/www.stucco-naturale.com\/pl\/"},{"@type":"ListItem","position":2,"name":"Stiuk wenecki w \u0142azience i strefie mokrej"}]},{"@type":"WebSite","@id":"https:\/\/www.stucco-naturale.com\/pl\/#website","url":"https:\/\/www.stucco-naturale.com\/pl\/","name":"Stucco naturale","description":"Sklep dla Stucco Veneziano, Marmorino i akcesoria","publisher":{"@id":"https:\/\/www.stucco-naturale.com\/pl\/#organization"},"potentialAction":[{"@type":"SearchAction","target":{"@type":"EntryPoint","urlTemplate":"https:\/\/www.stucco-naturale.com\/pl\/?s={search_term_string}"},"query-input":{"@type":"PropertyValueSpecification","valueRequired":true,"valueName":"search_term_string"}}],"inLanguage":"pl-PL"},{"@type":"Organization","@id":"https:\/\/www.stucco-naturale.com\/pl\/#organization","name":"Stucco naturale","url":"https:\/\/www.stucco-naturale.com\/pl\/","logo":{"@type":"ImageObject","inLanguage":"pl-PL","@id":"https:\/\/www.stucco-naturale.com\/pl\/#\/schema\/logo\/image\/","url":"https:\/\/www.stucco-naturale.com\/wp-content\/uploads\/logo_stucco-naturale.jpg","contentUrl":"https:\/\/www.stucco-naturale.com\/wp-content\/uploads\/logo_stucco-naturale.jpg","width":400,"height":600,"caption":"Stucco naturale"},"image":{"@id":"https:\/\/www.stucco-naturale.com\/pl\/#\/schema\/logo\/image\/"},"sameAs":["https:\/\/www.facebook.com\/natuerlicher.kalkputz\/","https:\/\/x.com\/StuccoNaturale","https:\/\/www.instagram.com\/stucco_naturale\/?hl=de"],"vatID":"ATU78081825"},{"@type":"Person","@id":"https:\/\/www.stucco-naturale.com\/pl\/#\/schema\/person\/12c1071d36776488882663b9dae4ef29","name":"Stefan Fischer","sameAs":["https:\/\/www.stucco-naturale.com\/","https:\/\/www.facebook.com\/natuerlicher.kalkputz\/","https:\/\/x.com\/BeTtY wAlchER 2017"],"url":"https:\/\/www.stucco-naturale.com\/pl\/author\/siniscola-capo-comino-2016\/"}]}},"_links":{"self":[{"href":"https:\/\/www.stucco-naturale.com\/pl\/wp-json\/wp\/v2\/posts\/58201","targetHints":{"allow":["GET"]}}],"collection":[{"href":"https:\/\/www.stucco-naturale.com\/pl\/wp-json\/wp\/v2\/posts"}],"about":[{"href":"https:\/\/www.stucco-naturale.com\/pl\/wp-json\/wp\/v2\/types\/post"}],"author":[{"embeddable":true,"href":"https:\/\/www.stucco-naturale.com\/pl\/wp-json\/wp\/v2\/users\/1363"}],"replies":[{"embeddable":true,"href":"https:\/\/www.stucco-naturale.com\/pl\/wp-json\/wp\/v2\/comments?post=58201"}],"version-history":[{"count":0,"href":"https:\/\/www.stucco-naturale.com\/pl\/wp-json\/wp\/v2\/posts\/58201\/revisions"}],"wp:featuredmedia":[{"embeddable":true,"href":"https:\/\/www.stucco-naturale.com\/pl\/wp-json\/wp\/v2\/media\/56235"}],"wp:attachment":[{"href":"https:\/\/www.stucco-naturale.com\/pl\/wp-json\/wp\/v2\/media?parent=58201"}],"wp:term":[{"taxonomy":"category","embeddable":true,"href":"https:\/\/www.stucco-naturale.com\/pl\/wp-json\/wp\/v2\/categories?post=58201"},{"taxonomy":"post_tag","embeddable":true,"href":"https:\/\/www.stucco-naturale.com\/pl\/wp-json\/wp\/v2\/tags?post=58201"}],"curies":[{"name":"wp","href":"https:\/\/api.w.org\/{rel}","templated":true}]}}